{"id":1058,"date":"2009-12-09T09:36:33","date_gmt":"2009-12-09T07:36:33","guid":{"rendered":"http:\/\/heimkehr-hamburg.de\/blog\/index.php\/2009\/12\/09\/inventur-fuer-gemuese-und-seele\/"},"modified":"2009-12-09T09:36:33","modified_gmt":"2009-12-09T07:36:33","slug":"inventur-fuer-gemuese-und-seele","status":"publish","type":"post","link":"https:\/\/www.heimkehr-hamburg.de\/log\/?p=1058","title":{"rendered":"Inventur f\u00fcr Gem\u00fcse und Seele."},"content":{"rendered":"<p>In See, Atlantik, Etmal 130 Meilen, noch 770 Meilen nach St. Lucia, 4544 Meilen seit Oberndorf. 17. Tag auf See.<br \/>\n     Ja das Gem\u00fcse wird weniger. Letzte Apfelsine heute morgen. Zucchini, Wei\u00dfkohl, Kartoffeln, Zwiebeln, etwas Paprika und ein paar Tomaten. Dann gibt&#8217;s endlich Konserven. Warum endlich? Weil wir viel zu viel Konserven an Bord haben. Siebzehn Tage auf See und immer noch frisches, ist ja auch prima. Aus dem Kohl will ich heute Abend noch ein Stew machen. Das Kochen an Bord macht mir immer noch Spa\u00df.  ___\/)____<br \/>\nAngeregt durch Gisela, Conny und Claudia die Frage, was ist in uns, wie geht&#8217;s uns wirklich, bereuen oder vermissen wir etwas?<br \/>\nLeni und ich sind mittendrin, unseren Lebenstraum zu verwirklichen, der in mir seit dem etwa zehnten Lebensjahr schlummert. Damals hatte ich das Buch &#8216;Zwei Kinder segeln um Kap Horn&#8217; von Warwick M. Tompkins gelesen. Dieser Wunsch, einmal hier \u00fcber den Atlantik zu segeln und auf die andere Seite zu gucken, hat mich nie verlassen. Wir haben dann viele Jahre gemeinsam darauf hingearbeitet, besonders in der Zeit, in der wir die Heimkehr (6 Jahre) umgebaut haben. Immer wenn uns die Kr\u00e4fte verlie\u00dfen, sind wir zur\u00fcckgekommen auf unseren gro\u00dfen, blauen Traum: Segeln in die Welt. Das gro\u00dfe Gl\u00fcck hei\u00dft Marlene, die diesen Traum immer geteilt hat. Die Bauzeit war die Pr\u00fcfung. Das ging nur mit der gemeinsamen Kraft und mit diesem Ziel. Jetzt ist es passiert, nun sind wir unterwegs. Nein, ich habe im Logbuch nichts weggelassen, wir sind gl\u00fccklich. Die Anstrengung durch den Seegang und den fehlenden Schlaf haben wir schon mehrfach beschrieben. Aber wir sind zutiefst erf\u00fcllt von diesem gewaltigen, unendlich blauen Erlebnis. Es ist eine Zweisamkeit, die keiner Ablenkung ausgesetzt ist. Kein Fernsehen, kein Internet, nur der Ozean, Heimkehr und wir. Wir haben uns noch nicht einmal gezankt, reden miteinander, die Themen gehen uns nicht aus, nun schon seit 17 Tagen. Noch nie in unserem Leben hatten wir so viel Zeit f\u00fcr einander, nie sa\u00dfen wir unter einem so gewaltigen Sternenhimmel. Wir teilen alles: die Freude \u00fcber die Delphine, die Empfindungen beim Anblick der Sonnenauf- und unterg\u00e4nge, die \u00c4ngste vor einem Sturm &#8211; und nat\u00fcrlich die letzte Apfelsine. Ja nat\u00fcrlich freuen wir uns auf unser Ziel. &#8216;Land in Sicht&#8217; k\u00f6nnte nun trotzdem mal einer rufen, das Goldst\u00fcck w\u00e4re ihr sicher. Aber es fehlt nichts. Naja, au\u00dfer vielleicht ein richtig sch\u00f6ner Capucchino.  ______\/)_____  Sea u Bert<\/p>\n<p>   Herzliche Gl\u00fcckw\u00fcnsche zum Geburtstag aus dem blauen Ozean an Jan-Hendrik und Heinz!<br \/>\n   Auf der ARC-Seite unter den &#8216;daily logs&#8217; gibt&#8217;s me(e)hr: www.worldcruising.com\/arc <\/p>\n","protected":false},"excerpt":{"rendered":"<p>In See, Atlantik, Etmal 130 Meilen, noch 770 Meilen nach St. Lucia, 4544 Meilen seit Oberndorf. 17. Tag auf See. Ja das Gem\u00fcse wird weniger. Letzte Apfelsine heute morgen. Zucchini, Wei\u00dfkohl, Kartoffeln, Zwiebeln, etwas Paprika und ein paar Tomaten. Dann gibt&#8217;s endlich Konserven. Warum endlich? Weil wir viel zu viel Konserven an Bord haben. Siebzehn [&hellip;]<\/p>\n","protected":false},"author":1,"featured_media":0,"comment_status":"closed","ping_status":"open","sticky":false,"template":"","format":"standard","meta":{"footnotes":""},"categories":[],"tags":[],"class_list":["post-1058","post","type-post","status-publish","format-standard","hentry"],"_links":{"self":[{"href":"https:\/\/www.heimkehr-hamburg.de\/log\/index.php?rest_route=\/wp\/v2\/posts\/1058","targetHints":{"allow":["GET"]}}],"collection":[{"href":"https:\/\/www.heimkehr-hamburg.de\/log\/index.php?rest_route=\/wp\/v2\/posts"}],"about":[{"href":"https:\/\/www.heimkehr-hamburg.de\/log\/index.php?rest_route=\/wp\/v2\/types\/post"}],"author":[{"embeddable":true,"href":"https:\/\/www.heimkehr-hamburg.de\/log\/index.php?rest_route=\/wp\/v2\/users\/1"}],"replies":[{"embeddable":true,"href":"https:\/\/www.heimkehr-hamburg.de\/log\/index.php?rest_route=%2Fwp%2Fv2%2Fcomments&post=1058"}],"version-history":[{"count":0,"href":"https:\/\/www.heimkehr-hamburg.de\/log\/index.php?rest_route=\/wp\/v2\/posts\/1058\/revisions"}],"wp:attachment":[{"href":"https:\/\/www.heimkehr-hamburg.de\/log\/index.php?rest_route=%2Fwp%2Fv2%2Fmedia&parent=1058"}],"wp:term":[{"taxonomy":"category","embeddable":true,"href":"https:\/\/www.heimkehr-hamburg.de\/log\/index.php?rest_route=%2Fwp%2Fv2%2Fcategories&post=1058"},{"taxonomy":"post_tag","embeddable":true,"href":"https:\/\/www.heimkehr-hamburg.de\/log\/index.php?rest_route=%2Fwp%2Fv2%2Ftags&post=1058"}],"curies":[{"name":"wp","href":"https:\/\/api.w.org\/{rel}","templated":true}]}}