{"id":838,"date":"2009-08-30T21:27:51","date_gmt":"2009-08-30T19:27:51","guid":{"rendered":"http:\/\/heimkehr-hamburg.de\/blog\/index.php\/2009\/08\/30\/jetzt-ist-es-besser\/"},"modified":"2009-08-30T21:27:51","modified_gmt":"2009-08-30T19:27:51","slug":"jetzt-ist-es-besser","status":"publish","type":"post","link":"http:\/\/www.heimkehr-hamburg.de\/log\/?p=838","title":{"rendered":"Jetzt ist es besser!"},"content":{"rendered":"<p>In See, nordatlantischer Ozean, 1759,5 Meilen von Oberndorf, \u00fcber Kurzwelle.<br \/>\nOb es nun daran liegt, dass die See jetzt unter 3 m ist oder wir uns dran gew\u00f6hnt haben &#8211; anyway, jetzt l\u00e4uft es gut. Wir segeln mit allen T\u00fcchern und f\u00fcnfeinhalb Knoten Richtung S\u00fcdwesten (232\u00b0) auf Porto Santo zu. 276 Meilen sind noch nach. Im Moment meint der Navigationsrechner, dass wir Mittwochmorgen da sind. Um uns herum dieses unbeschreiblich blaue Wasser, vor dem Bug verspielte Delphine, die Sonne verabschiedet sich &#8211; und an der Angel ist immer noch kein Fisch. Vielleicht sind die Fische doch nicht so bl\u00f6d und fallen auf Plastik-Tintenfische rein.<br \/>\n_____\/)_____<br \/>\nSea U Bert <\/p>\n","protected":false},"excerpt":{"rendered":"<p>In See, nordatlantischer Ozean, 1759,5 Meilen von Oberndorf, \u00fcber Kurzwelle. Ob es nun daran liegt, dass die See jetzt unter 3 m ist oder wir uns dran gew\u00f6hnt haben &#8211; anyway, jetzt l\u00e4uft es gut. Wir segeln mit allen T\u00fcchern und f\u00fcnfeinhalb Knoten Richtung S\u00fcdwesten (232\u00b0) auf Porto Santo zu. 276 Meilen sind noch nach. [&hellip;]<\/p>\n","protected":false},"author":1,"featured_media":0,"comment_status":"closed","ping_status":"open","sticky":false,"template":"","format":"standard","meta":{"footnotes":""},"categories":[],"tags":[],"class_list":["post-838","post","type-post","status-publish","format-standard","hentry"],"_links":{"self":[{"href":"http:\/\/www.heimkehr-hamburg.de\/log\/index.php?rest_route=\/wp\/v2\/posts\/838","targetHints":{"allow":["GET"]}}],"collection":[{"href":"http:\/\/www.heimkehr-hamburg.de\/log\/index.php?rest_route=\/wp\/v2\/posts"}],"about":[{"href":"http:\/\/www.heimkehr-hamburg.de\/log\/index.php?rest_route=\/wp\/v2\/types\/post"}],"author":[{"embeddable":true,"href":"http:\/\/www.heimkehr-hamburg.de\/log\/index.php?rest_route=\/wp\/v2\/users\/1"}],"replies":[{"embeddable":true,"href":"http:\/\/www.heimkehr-hamburg.de\/log\/index.php?rest_route=%2Fwp%2Fv2%2Fcomments&post=838"}],"version-history":[{"count":0,"href":"http:\/\/www.heimkehr-hamburg.de\/log\/index.php?rest_route=\/wp\/v2\/posts\/838\/revisions"}],"wp:attachment":[{"href":"http:\/\/www.heimkehr-hamburg.de\/log\/index.php?rest_route=%2Fwp%2Fv2%2Fmedia&parent=838"}],"wp:term":[{"taxonomy":"category","embeddable":true,"href":"http:\/\/www.heimkehr-hamburg.de\/log\/index.php?rest_route=%2Fwp%2Fv2%2Fcategories&post=838"},{"taxonomy":"post_tag","embeddable":true,"href":"http:\/\/www.heimkehr-hamburg.de\/log\/index.php?rest_route=%2Fwp%2Fv2%2Ftags&post=838"}],"curies":[{"name":"wp","href":"https:\/\/api.w.org\/{rel}","templated":true}]}}