{"id":792,"date":"2009-08-17T18:56:04","date_gmt":"2009-08-17T16:56:04","guid":{"rendered":"http:\/\/heimkehr-hamburg.de\/blog\/index.php\/2009\/08\/17\/heimkehr-in-lissabon\/"},"modified":"2009-08-17T18:56:04","modified_gmt":"2009-08-17T16:56:04","slug":"heimkehr-in-lissabon","status":"publish","type":"post","link":"http:\/\/www.heimkehr-hamburg.de\/log\/?p=792","title":{"rendered":"Heimkehr in Lissabon."},"content":{"rendered":"<p>Lissabon, Portugal, 1483 Seemeilen von Oberndorf. Das war aufregend, vorbei am Torre de Belem, dem Turm der Winde, dann am Monument der gro\u00dfen Seefahrer. Von hier gingen die gro\u00dfen Expeditionen los, Vasco da Gama, Heinrich der Seefahrer, Ferdinand Magellan und schlie\u00dflich war auch Kolumbus Portugiese, auch wenn er im Auftrag des spanischen K\u00f6nigshauses losgeschippert ist.  Und dann die Br\u00fccke, die Br\u00fccke des 25.April. Die Gr\u00f6\u00dfe erkennnt man erst, wenn man die kleine Heimkehr davor sieht. Die Durchfahrtsh\u00f6he ist 70 m, das reicht gerade f\u00fcr unsere Masth\u00f6he (17,5 m. Sie ist die zweitl\u00e4ngste Eisenbahn\/Stra\u00dfen- H\u00e4ngebr\u00fccke der Welt. Gebaut 1962 bis 1966. Benannt nach der sogenannten Nelken-Revolution am 25. April 1974, dem Wandel zur Demokratie in Portugal. F\u00fcr mich war und ist Lissabon immer die sch\u00f6nste Stadt der Welt. Ich war so ungef\u00e4hr 6 mal hier und war immer begeistert, nicht nur von dem Charme der alten Stadt, sondern auch von den Menschen, die ich getroffen habe. ___\/)___<br \/>\nDas war ein cooles Fotoshooting gestern, wir haben das Beiboot ausgesetzt, um die richtige Perspektive f\u00fct Momo unter der Br\u00fccke zu finden. Leider gibt&#8217;s hier im Hafen kein Internet, so dass wir die vielen tollen Bilder, die Momos Skipper Uwe Moser von uns gemacht hat, erst senden k\u00f6nnen, wenn wir ein Internet-Cafe finden. Na dann suchen wir mal. Es f\u00e4llt heute etwas schwer, es sind wieder 34 Grad, und kein L\u00fcftchen regt sich. Aber auch die Portugiesen st\u00f6hnen, so warm ist es hier sonst nicht.____\/)___Sea u Bert <\/p>\n","protected":false},"excerpt":{"rendered":"<p>Lissabon, Portugal, 1483 Seemeilen von Oberndorf. Das war aufregend, vorbei am Torre de Belem, dem Turm der Winde, dann am Monument der gro\u00dfen Seefahrer. Von hier gingen die gro\u00dfen Expeditionen los, Vasco da Gama, Heinrich der Seefahrer, Ferdinand Magellan und schlie\u00dflich war auch Kolumbus Portugiese, auch wenn er im Auftrag des spanischen K\u00f6nigshauses losgeschippert ist. [&hellip;]<\/p>\n","protected":false},"author":1,"featured_media":0,"comment_status":"closed","ping_status":"open","sticky":false,"template":"","format":"standard","meta":{"footnotes":""},"categories":[],"tags":[],"class_list":["post-792","post","type-post","status-publish","format-standard","hentry"],"_links":{"self":[{"href":"http:\/\/www.heimkehr-hamburg.de\/log\/index.php?rest_route=\/wp\/v2\/posts\/792","targetHints":{"allow":["GET"]}}],"collection":[{"href":"http:\/\/www.heimkehr-hamburg.de\/log\/index.php?rest_route=\/wp\/v2\/posts"}],"about":[{"href":"http:\/\/www.heimkehr-hamburg.de\/log\/index.php?rest_route=\/wp\/v2\/types\/post"}],"author":[{"embeddable":true,"href":"http:\/\/www.heimkehr-hamburg.de\/log\/index.php?rest_route=\/wp\/v2\/users\/1"}],"replies":[{"embeddable":true,"href":"http:\/\/www.heimkehr-hamburg.de\/log\/index.php?rest_route=%2Fwp%2Fv2%2Fcomments&post=792"}],"version-history":[{"count":0,"href":"http:\/\/www.heimkehr-hamburg.de\/log\/index.php?rest_route=\/wp\/v2\/posts\/792\/revisions"}],"wp:attachment":[{"href":"http:\/\/www.heimkehr-hamburg.de\/log\/index.php?rest_route=%2Fwp%2Fv2%2Fmedia&parent=792"}],"wp:term":[{"taxonomy":"category","embeddable":true,"href":"http:\/\/www.heimkehr-hamburg.de\/log\/index.php?rest_route=%2Fwp%2Fv2%2Fcategories&post=792"},{"taxonomy":"post_tag","embeddable":true,"href":"http:\/\/www.heimkehr-hamburg.de\/log\/index.php?rest_route=%2Fwp%2Fv2%2Ftags&post=792"}],"curies":[{"name":"wp","href":"https:\/\/api.w.org\/{rel}","templated":true}]}}