{"id":747,"date":"2009-08-04T01:21:30","date_gmt":"2009-08-03T23:21:30","guid":{"rendered":"http:\/\/heimkehr-hamburg.de\/blog\/index.php\/2009\/08\/04\/passatsegeln\/"},"modified":"2009-08-04T01:21:30","modified_gmt":"2009-08-03T23:21:30","slug":"passatsegeln","status":"publish","type":"post","link":"http:\/\/www.heimkehr-hamburg.de\/log\/?p=747","title":{"rendered":"Passatsegeln."},"content":{"rendered":"<p>In See, Atlantik, portugiesische K\u00fcste.    Der portugiesische  &#8216;Norder&#8217;, wird auch Portugalpassat genannt, weil er einigerma\u00dfen zuverl\u00e4ssig an der portugiesischen K\u00fcste entlangweht, und das den ganzen Sommer lang. Mit ihm wollen wir auch noch die 600 Meilen Strecke nach Madaira segeln. Gestern war er sanft, wehte mit nur 3 Windst\u00e4rken. Das ist normalerweise nicht unsere St\u00e4rke, denn daf\u00fcr sind wir beide etwas dick. Dennoch ging die erste Live-Probe gut aus. Wir sind trotzdem meistens um die 4 Knoten gesegelt, den ganzen Tag lang. Wenn wir mit 4 Knoten die 2850 Meilen \u00fcber den Atlantik segeln w\u00fcrden, w\u00e4ren wir nach 29 Tagen da. Das w\u00e4re 2 Tage zu sp\u00e4t, um den Obstkorb zu bekommen in Rodney Bay. Allerdings gibt&#8217;s im Atlantik meistens etwas mehr Wind. Die Passatsegel werden mit zwei B\u00e4umen ausgebaumt, eine ziemliche Fummelei, die wir aber inzwischen bei sehr unterschiedlichen Wetterlagen probiert haben. Immerhin sind die Biester fast 6 m lang. Wir fahren sie jetzt h\u00f6her, so dass die Baumnocken nur 20 cm von den Schoth\u00f6rnern sind. Anders als auf den Bildern, die Uwe Moser von Momo wieder gemacht hat. Die Segel liegen am Wind ineinander, leider dann mit 4 Schoten. Momo macht&#8217;s mit zweien, muss nur, wenn er durch den Wind geht, die beiden Segel einrollen. Aber das kommt bei unserer Art von Langstreckensegeln sowieso kaum vor. Nun ein paar Bilder zur Sch\u00f6nheit des Segelns._____\/)_____ Sea u Bert<\/p>\n<p><!--Mime Type of File is image\/jpeg --><\/p>\n<div><a href=\"http:\/\/heimkehr-hamburg.de\/blog\/wp-photos\/20090804-012129-10.jpg\"><img decoding=\"async\" src=\"http:\/\/heimkehr-hamburg.de\/blog\/wp-photos\/thumb.20090804-012129-10.jpg\" alt=\"k-Heimkehr015.jpg\" \/><\/a><\/div>\n<p> <!--Mime Type of File is image\/jpeg --><\/p>\n<div><a href=\"http:\/\/heimkehr-hamburg.de\/blog\/wp-photos\/20090804-012129-11.jpg\"><img decoding=\"async\" src=\"http:\/\/heimkehr-hamburg.de\/blog\/wp-photos\/thumb.20090804-012129-11.jpg\" alt=\"k-Heimkehr054.jpg\" \/><\/a><\/div>\n<p> <!--Mime Type of File is image\/jpeg --><\/p>\n<div><a href=\"http:\/\/heimkehr-hamburg.de\/blog\/wp-photos\/20090804-012129-12.jpg\"><img decoding=\"async\" src=\"http:\/\/heimkehr-hamburg.de\/blog\/wp-photos\/thumb.20090804-012129-12.jpg\" alt=\"k-Heimkehr055.jpg\" \/><\/a><\/div>\n<p> <!--Mime Type of File is image\/jpeg --><\/p>\n<div><a href=\"http:\/\/heimkehr-hamburg.de\/blog\/wp-photos\/20090804-012129-13.jpg\"><img decoding=\"async\" src=\"http:\/\/heimkehr-hamburg.de\/blog\/wp-photos\/thumb.20090804-012129-13.jpg\" alt=\"k-Heimkehr058.jpg\" \/><\/a><\/div>\n<p> <!--Mime Type of File is image\/jpeg --><\/p>\n<div><a href=\"http:\/\/heimkehr-hamburg.de\/blog\/wp-photos\/20090804-012129-14.jpg\"><img decoding=\"async\" src=\"http:\/\/heimkehr-hamburg.de\/blog\/wp-photos\/thumb.20090804-012129-14.jpg\" alt=\"k-P1020986.JPG\" \/><\/a><\/div>\n","protected":false},"excerpt":{"rendered":"<p>In See, Atlantik, portugiesische K\u00fcste. Der portugiesische &#8216;Norder&#8217;, wird auch Portugalpassat genannt, weil er einigerma\u00dfen zuverl\u00e4ssig an der portugiesischen K\u00fcste entlangweht, und das den ganzen Sommer lang. Mit ihm wollen wir auch noch die 600 Meilen Strecke nach Madaira segeln. Gestern war er sanft, wehte mit nur 3 Windst\u00e4rken. Das ist normalerweise nicht unsere St\u00e4rke, [&hellip;]<\/p>\n","protected":false},"author":1,"featured_media":0,"comment_status":"closed","ping_status":"open","sticky":false,"template":"","format":"standard","meta":{"footnotes":""},"categories":[],"tags":[],"class_list":["post-747","post","type-post","status-publish","format-standard","hentry"],"_links":{"self":[{"href":"http:\/\/www.heimkehr-hamburg.de\/log\/index.php?rest_route=\/wp\/v2\/posts\/747","targetHints":{"allow":["GET"]}}],"collection":[{"href":"http:\/\/www.heimkehr-hamburg.de\/log\/index.php?rest_route=\/wp\/v2\/posts"}],"about":[{"href":"http:\/\/www.heimkehr-hamburg.de\/log\/index.php?rest_route=\/wp\/v2\/types\/post"}],"author":[{"embeddable":true,"href":"http:\/\/www.heimkehr-hamburg.de\/log\/index.php?rest_route=\/wp\/v2\/users\/1"}],"replies":[{"embeddable":true,"href":"http:\/\/www.heimkehr-hamburg.de\/log\/index.php?rest_route=%2Fwp%2Fv2%2Fcomments&post=747"}],"version-history":[{"count":0,"href":"http:\/\/www.heimkehr-hamburg.de\/log\/index.php?rest_route=\/wp\/v2\/posts\/747\/revisions"}],"wp:attachment":[{"href":"http:\/\/www.heimkehr-hamburg.de\/log\/index.php?rest_route=%2Fwp%2Fv2%2Fmedia&parent=747"}],"wp:term":[{"taxonomy":"category","embeddable":true,"href":"http:\/\/www.heimkehr-hamburg.de\/log\/index.php?rest_route=%2Fwp%2Fv2%2Fcategories&post=747"},{"taxonomy":"post_tag","embeddable":true,"href":"http:\/\/www.heimkehr-hamburg.de\/log\/index.php?rest_route=%2Fwp%2Fv2%2Ftags&post=747"}],"curies":[{"name":"wp","href":"https:\/\/api.w.org\/{rel}","templated":true}]}}