{"id":739,"date":"2009-08-02T19:17:49","date_gmt":"2009-08-02T17:17:49","guid":{"rendered":"http:\/\/heimkehr-hamburg.de\/blog\/index.php\/2009\/08\/02\/heimkehr-erreicht-portugal\/"},"modified":"2009-08-02T19:17:49","modified_gmt":"2009-08-02T17:17:49","slug":"heimkehr-erreicht-portugal","status":"publish","type":"post","link":"http:\/\/www.heimkehr-hamburg.de\/log\/?p=739","title":{"rendered":"Heimkehr erreicht Portugal!"},"content":{"rendered":"<p>In See, Atlantischer Ozean, Portugal. 1258 Seemeilen von Oberndorf. \u00dcber Kurzwelle.    Um 13.00 Uhr Ortszeit, die ist eine Stunde fr\u00fcher als in Deutschland, sind wir \u00fcber die spanisch-portugiesische Grenze gesegelt. \u00dcber die blaue Grenze sozusagen. Das ist f\u00fcr uns ein weiterer (See)Meilenstein auf unserem langen Weg. Also haben wir die neue Gastlandsflagge gesetzt, dem Oberndorfer Stander Ehre erwiesen, indem wir einen Schluck Portwein auf die SGO getrunken haben. Der Portwein ist in Helgoland vorsorglich an Bord gekommen. Prost. ____\/)_____ Wir sind heute Morgen von Bayona ausgelaufen, nachdem wir noch 900 Liter Diesel gebunkert haben. Ruhiges Wetter heute, der Atlantik ist freundlich zu uns. Wir segeln schon den ganzen Tag unter Passatbesegelung, mit Gro\u00df noch dazu. Mit gerade mal 3 Windst\u00e4rken und einem halben Knoten Strom machen wir 4,5 Knoten. Das ist gut. Heute Abend um 20.00 Uhr sollen wir vor Povoa de Varzim stehen. Dieser Hafen ist kurz vor Porto. In Leixoes, ein paar Meilen weiter, erwarten wir ein Paket mit Erstatzteilen. ___\/)____ Spanien, genauer Galizien, hat uns richtig gut gefallen. Fr\u00f6hliche Menschen, durch und durch freundlich, eine wundersch\u00f6ne, gr\u00fcne Fjordlandschaft und herrliche Str\u00e4nde. Und warm ist es auch. Da wollen wir wieder hin.<br \/>\n_______\/)______ Sea U  Bert <\/p>\n","protected":false},"excerpt":{"rendered":"<p>In See, Atlantischer Ozean, Portugal. 1258 Seemeilen von Oberndorf. \u00dcber Kurzwelle. Um 13.00 Uhr Ortszeit, die ist eine Stunde fr\u00fcher als in Deutschland, sind wir \u00fcber die spanisch-portugiesische Grenze gesegelt. \u00dcber die blaue Grenze sozusagen. Das ist f\u00fcr uns ein weiterer (See)Meilenstein auf unserem langen Weg. Also haben wir die neue Gastlandsflagge gesetzt, dem Oberndorfer [&hellip;]<\/p>\n","protected":false},"author":1,"featured_media":0,"comment_status":"closed","ping_status":"open","sticky":false,"template":"","format":"standard","meta":{"footnotes":""},"categories":[],"tags":[],"class_list":["post-739","post","type-post","status-publish","format-standard","hentry"],"_links":{"self":[{"href":"http:\/\/www.heimkehr-hamburg.de\/log\/index.php?rest_route=\/wp\/v2\/posts\/739","targetHints":{"allow":["GET"]}}],"collection":[{"href":"http:\/\/www.heimkehr-hamburg.de\/log\/index.php?rest_route=\/wp\/v2\/posts"}],"about":[{"href":"http:\/\/www.heimkehr-hamburg.de\/log\/index.php?rest_route=\/wp\/v2\/types\/post"}],"author":[{"embeddable":true,"href":"http:\/\/www.heimkehr-hamburg.de\/log\/index.php?rest_route=\/wp\/v2\/users\/1"}],"replies":[{"embeddable":true,"href":"http:\/\/www.heimkehr-hamburg.de\/log\/index.php?rest_route=%2Fwp%2Fv2%2Fcomments&post=739"}],"version-history":[{"count":0,"href":"http:\/\/www.heimkehr-hamburg.de\/log\/index.php?rest_route=\/wp\/v2\/posts\/739\/revisions"}],"wp:attachment":[{"href":"http:\/\/www.heimkehr-hamburg.de\/log\/index.php?rest_route=%2Fwp%2Fv2%2Fmedia&parent=739"}],"wp:term":[{"taxonomy":"category","embeddable":true,"href":"http:\/\/www.heimkehr-hamburg.de\/log\/index.php?rest_route=%2Fwp%2Fv2%2Fcategories&post=739"},{"taxonomy":"post_tag","embeddable":true,"href":"http:\/\/www.heimkehr-hamburg.de\/log\/index.php?rest_route=%2Fwp%2Fv2%2Ftags&post=739"}],"curies":[{"name":"wp","href":"https:\/\/api.w.org\/{rel}","templated":true}]}}