{"id":706,"date":"2009-07-23T22:14:42","date_gmt":"2009-07-23T20:14:42","guid":{"rendered":"http:\/\/heimkehr-hamburg.de\/blog\/index.php\/2009\/07\/23\/ruhe-im-schiff\/"},"modified":"2009-07-23T22:14:42","modified_gmt":"2009-07-23T20:14:42","slug":"ruhe-im-schiff","status":"publish","type":"post","link":"http:\/\/www.heimkehr-hamburg.de\/log\/?p=706","title":{"rendered":"Ruhe im Schiff!"},"content":{"rendered":"<p>Isla Tambo, Ria de Pontevedra, Spanien. 1213,2 Seemeilen von Oberndorf. \u00dcber Kurzwelle. In Aguete wurde es sehr ruppig. Wir lagen an einer Mooring (Ankerboje mit einem dicken Stein unten dran) knapp au\u00dferhalb des kleinen Hafens. Der Wind ging heute Nacht auf 7 Windst\u00e4rken und der Schwell nahm immer mehr zu. Dann zieht die Dicke ganz erheblich an dem Geschirr, und  wir wissen nat\u00fcrlich nicht, ob es h\u00e4lt. Da schl\u00e4ft man schlecht, und die Schaukelei kommt noch hinzu. Als dann heute Abend der Wind noch westlicher, also uns auf die Nase gedreht hat, haben wir uns verkr\u00fcmelt. Nur wenige Meilen weiter den Fjord rauf liegen wir nun gesch\u00fctzt hinter einer Insel, die total schwedisch\/norwegisch aussieht. Abrahams Scho\u00df. Heute gabs Nudeln mit Tomatenso\u00dfe, Salat, zum Nachtisch Wassermelone. Fein. _____\/)_____ Muline, die inzwischen schon in der Biscaya ist, hat uns noch gemailt, dass Galizien das sch\u00f6nste St\u00fcck der spanisch-portugiesischen Westk\u00fcste ist. Also machen wir nun langsam und schnuffeln hier noch in der Gegend rum. Nach diesem kommt noch ein Fjord und eine Insel, die besucht werden muss. Der gro\u00dfe Plan sieht vor, dass wir gegen Ende August von S\u00fcdportugal nach Madeira segeln und Ende September von dort zu den Kanaren. Das alles entscheidet ALICIA, so hei\u00dft der freundliche Portugal-Passat, der die K\u00fcste runter und dann r\u00fcber nach Madeira weht. Wenn doch der Wind schon so h\u00fcbsch hei\u00dft, dann muss man da doch hin, oder? Sea u Bert_______\/)________ <\/p>\n","protected":false},"excerpt":{"rendered":"<p>Isla Tambo, Ria de Pontevedra, Spanien. 1213,2 Seemeilen von Oberndorf. \u00dcber Kurzwelle. In Aguete wurde es sehr ruppig. Wir lagen an einer Mooring (Ankerboje mit einem dicken Stein unten dran) knapp au\u00dferhalb des kleinen Hafens. Der Wind ging heute Nacht auf 7 Windst\u00e4rken und der Schwell nahm immer mehr zu. Dann zieht die Dicke ganz [&hellip;]<\/p>\n","protected":false},"author":1,"featured_media":0,"comment_status":"closed","ping_status":"open","sticky":false,"template":"","format":"standard","meta":{"footnotes":""},"categories":[],"tags":[],"class_list":["post-706","post","type-post","status-publish","format-standard","hentry"],"_links":{"self":[{"href":"http:\/\/www.heimkehr-hamburg.de\/log\/index.php?rest_route=\/wp\/v2\/posts\/706","targetHints":{"allow":["GET"]}}],"collection":[{"href":"http:\/\/www.heimkehr-hamburg.de\/log\/index.php?rest_route=\/wp\/v2\/posts"}],"about":[{"href":"http:\/\/www.heimkehr-hamburg.de\/log\/index.php?rest_route=\/wp\/v2\/types\/post"}],"author":[{"embeddable":true,"href":"http:\/\/www.heimkehr-hamburg.de\/log\/index.php?rest_route=\/wp\/v2\/users\/1"}],"replies":[{"embeddable":true,"href":"http:\/\/www.heimkehr-hamburg.de\/log\/index.php?rest_route=%2Fwp%2Fv2%2Fcomments&post=706"}],"version-history":[{"count":0,"href":"http:\/\/www.heimkehr-hamburg.de\/log\/index.php?rest_route=\/wp\/v2\/posts\/706\/revisions"}],"wp:attachment":[{"href":"http:\/\/www.heimkehr-hamburg.de\/log\/index.php?rest_route=%2Fwp%2Fv2%2Fmedia&parent=706"}],"wp:term":[{"taxonomy":"category","embeddable":true,"href":"http:\/\/www.heimkehr-hamburg.de\/log\/index.php?rest_route=%2Fwp%2Fv2%2Fcategories&post=706"},{"taxonomy":"post_tag","embeddable":true,"href":"http:\/\/www.heimkehr-hamburg.de\/log\/index.php?rest_route=%2Fwp%2Fv2%2Ftags&post=706"}],"curies":[{"name":"wp","href":"https:\/\/api.w.org\/{rel}","templated":true}]}}