{"id":703,"date":"2009-07-21T19:22:00","date_gmt":"2009-07-21T17:22:00","guid":{"rendered":"http:\/\/heimkehr-hamburg.de\/blog\/index.php\/2009\/07\/21\/nu-gehts-weiter\/"},"modified":"2009-07-21T19:22:00","modified_gmt":"2009-07-21T17:22:00","slug":"nu-gehts-weiter","status":"publish","type":"post","link":"http:\/\/www.heimkehr-hamburg.de\/log\/?p=703","title":{"rendered":"Nu geht&#8217;s weiter!"},"content":{"rendered":"<p>Caraminal, Spanien, Ria de Arousa, 1188Komma6 Seemeilen von Oberndorf. \u00dcber Kurzwelle.     So, morgen fr\u00fch wollen wir hier Ankerauf und einen Fjord weiter nach S\u00fcden. Da gibt es verschiedene kleine Verstecke. Unsere Freunde mit der Momo sind da schon an einer Mooring. Danach geht es weiter nach Bayona, dann nach Vigo und weiter die K\u00fcste runter bis nach Leixos, das ist der Hafen vor Porto in Portugal. Anschlie\u00dfend weiter die K\u00fcste entlang bis nach Lissabon. Und dann gucken wir mal. Heute haben wir beim Einkaufen den Fischmarkt entdeckt. In einem hypermodernen Haus, mit einer verspiegelten Fassade. Wenn wir das n\u00e4chste Mal ein Internet haben, kommt noch ein Bild. Hier im Dorf k\u00f6nnen wir nur aus einem Cafe Bilder senden. Texte gehen auch \u00fcber Funk. _____\/)____Sea u Bert <\/p>\n","protected":false},"excerpt":{"rendered":"<p>Caraminal, Spanien, Ria de Arousa, 1188Komma6 Seemeilen von Oberndorf. \u00dcber Kurzwelle. So, morgen fr\u00fch wollen wir hier Ankerauf und einen Fjord weiter nach S\u00fcden. Da gibt es verschiedene kleine Verstecke. Unsere Freunde mit der Momo sind da schon an einer Mooring. Danach geht es weiter nach Bayona, dann nach Vigo und weiter die K\u00fcste runter [&hellip;]<\/p>\n","protected":false},"author":1,"featured_media":0,"comment_status":"closed","ping_status":"open","sticky":false,"template":"","format":"standard","meta":{"footnotes":""},"categories":[],"tags":[],"class_list":["post-703","post","type-post","status-publish","format-standard","hentry"],"_links":{"self":[{"href":"http:\/\/www.heimkehr-hamburg.de\/log\/index.php?rest_route=\/wp\/v2\/posts\/703","targetHints":{"allow":["GET"]}}],"collection":[{"href":"http:\/\/www.heimkehr-hamburg.de\/log\/index.php?rest_route=\/wp\/v2\/posts"}],"about":[{"href":"http:\/\/www.heimkehr-hamburg.de\/log\/index.php?rest_route=\/wp\/v2\/types\/post"}],"author":[{"embeddable":true,"href":"http:\/\/www.heimkehr-hamburg.de\/log\/index.php?rest_route=\/wp\/v2\/users\/1"}],"replies":[{"embeddable":true,"href":"http:\/\/www.heimkehr-hamburg.de\/log\/index.php?rest_route=%2Fwp%2Fv2%2Fcomments&post=703"}],"version-history":[{"count":0,"href":"http:\/\/www.heimkehr-hamburg.de\/log\/index.php?rest_route=\/wp\/v2\/posts\/703\/revisions"}],"wp:attachment":[{"href":"http:\/\/www.heimkehr-hamburg.de\/log\/index.php?rest_route=%2Fwp%2Fv2%2Fmedia&parent=703"}],"wp:term":[{"taxonomy":"category","embeddable":true,"href":"http:\/\/www.heimkehr-hamburg.de\/log\/index.php?rest_route=%2Fwp%2Fv2%2Fcategories&post=703"},{"taxonomy":"post_tag","embeddable":true,"href":"http:\/\/www.heimkehr-hamburg.de\/log\/index.php?rest_route=%2Fwp%2Fv2%2Ftags&post=703"}],"curies":[{"name":"wp","href":"https:\/\/api.w.org\/{rel}","templated":true}]}}