{"id":695,"date":"2009-07-21T13:53:06","date_gmt":"2009-07-21T11:53:06","guid":{"rendered":"http:\/\/heimkehr-hamburg.de\/blog\/index.php\/2009\/07\/21\/die-kathedrale\/"},"modified":"2009-07-21T13:53:06","modified_gmt":"2009-07-21T11:53:06","slug":"die-kathedrale","status":"publish","type":"post","link":"http:\/\/www.heimkehr-hamburg.de\/log\/?p=695","title":{"rendered":"Die Kathedrale."},"content":{"rendered":"<p>Ein buntes Bild bieten die Pilger in der t\u00e4glichen Messe am Ende des Jacobsweges. Zwei Orgeln stehen sich gegen\u00fcber. \u00dcbrigens findet sich das Bild der Kathedrale auch auf den spanischen ein und f\u00fcnf Cent M\u00fcnzen.<\/p>\n<p><!--Mime Type of File is image\/jpeg --><\/p>\n<div><a href=\"http:\/\/heimkehr-hamburg.de\/blog\/wp-photos\/20090721-135305-4.jpg\"><img decoding=\"async\" src=\"http:\/\/heimkehr-hamburg.de\/blog\/wp-photos\/thumb.20090721-135305-4.jpg\" alt=\"k-P1020615.JPG\" \/><\/a><\/div>\n<p> <!--Mime Type of File is image\/jpeg --><\/p>\n<div><a href=\"http:\/\/heimkehr-hamburg.de\/blog\/wp-photos\/20090721-135306-5.jpg\"><img decoding=\"async\" src=\"http:\/\/heimkehr-hamburg.de\/blog\/wp-photos\/thumb.20090721-135306-5.jpg\" alt=\"k-P1020661.JPG\" \/><\/a><\/div>\n<p> <!--Mime Type of File is image\/jpeg --><\/p>\n<div><a href=\"http:\/\/heimkehr-hamburg.de\/blog\/wp-photos\/20090721-135306-6.jpg\"><img decoding=\"async\" src=\"http:\/\/heimkehr-hamburg.de\/blog\/wp-photos\/thumb.20090721-135306-6.jpg\" alt=\"k-P1020614.JPG\" \/><\/a><\/div>\n<p> <!--Mime Type of File is image\/jpeg --><\/p>\n<div><a href=\"http:\/\/heimkehr-hamburg.de\/blog\/wp-photos\/20090721-135306-7.jpg\"><img decoding=\"async\" src=\"http:\/\/heimkehr-hamburg.de\/blog\/wp-photos\/thumb.20090721-135306-7.jpg\" alt=\"k-P1020653.JPG\" \/><\/a><\/div>\n","protected":false},"excerpt":{"rendered":"<p>Ein buntes Bild bieten die Pilger in der t\u00e4glichen Messe am Ende des Jacobsweges. Zwei Orgeln stehen sich gegen\u00fcber. \u00dcbrigens findet sich das Bild der Kathedrale auch auf den spanischen ein und f\u00fcnf Cent M\u00fcnzen.<\/p>\n","protected":false},"author":1,"featured_media":0,"comment_status":"closed","ping_status":"open","sticky":false,"template":"","format":"standard","meta":{"footnotes":""},"categories":[],"tags":[],"class_list":["post-695","post","type-post","status-publish","format-standard","hentry"],"_links":{"self":[{"href":"http:\/\/www.heimkehr-hamburg.de\/log\/index.php?rest_route=\/wp\/v2\/posts\/695","targetHints":{"allow":["GET"]}}],"collection":[{"href":"http:\/\/www.heimkehr-hamburg.de\/log\/index.php?rest_route=\/wp\/v2\/posts"}],"about":[{"href":"http:\/\/www.heimkehr-hamburg.de\/log\/index.php?rest_route=\/wp\/v2\/types\/post"}],"author":[{"embeddable":true,"href":"http:\/\/www.heimkehr-hamburg.de\/log\/index.php?rest_route=\/wp\/v2\/users\/1"}],"replies":[{"embeddable":true,"href":"http:\/\/www.heimkehr-hamburg.de\/log\/index.php?rest_route=%2Fwp%2Fv2%2Fcomments&post=695"}],"version-history":[{"count":0,"href":"http:\/\/www.heimkehr-hamburg.de\/log\/index.php?rest_route=\/wp\/v2\/posts\/695\/revisions"}],"wp:attachment":[{"href":"http:\/\/www.heimkehr-hamburg.de\/log\/index.php?rest_route=%2Fwp%2Fv2%2Fmedia&parent=695"}],"wp:term":[{"taxonomy":"category","embeddable":true,"href":"http:\/\/www.heimkehr-hamburg.de\/log\/index.php?rest_route=%2Fwp%2Fv2%2Fcategories&post=695"},{"taxonomy":"post_tag","embeddable":true,"href":"http:\/\/www.heimkehr-hamburg.de\/log\/index.php?rest_route=%2Fwp%2Fv2%2Ftags&post=695"}],"curies":[{"name":"wp","href":"https:\/\/api.w.org\/{rel}","templated":true}]}}