{"id":4317,"date":"2016-10-16T20:25:28","date_gmt":"2016-10-16T19:25:28","guid":{"rendered":"http:\/\/heimkehr-hamburg.de\/blog\/index.php\/2016\/10\/16\/daenemark-ist-heute-schwarz-weiss\/"},"modified":"2016-10-16T20:25:28","modified_gmt":"2016-10-16T19:25:28","slug":"daenemark-ist-heute-schwarz-weiss","status":"publish","type":"post","link":"http:\/\/www.heimkehr-hamburg.de\/log\/?p=4317","title":{"rendered":"D\u00e4nemark ist heute schwarz wei\u00df"},"content":{"rendered":"<p>Heln\u00c3\u00a6s und  F\u00c3\u00a6n\u00c3\u00b8 Kalv. Wir sind inzwischen in Faaborg und gucken mal, wenn s hell wird. Sea u Bert<\/p>\n<p><!--Mime Type of File is image\/jpeg --><\/p>\n<div><a href=\"http:\/\/heimkehr-hamburg.de\/blog\/wp-photos\/20161016-212528-1.jpg\"><img decoding=\"async\" src=\"http:\/\/heimkehr-hamburg.de\/blog\/wp-photos\/thumb.20161016-212528-1.jpg\" alt=\"P1000614.JPG\" \/><\/a><\/div>\n<p> <!--Mime Type of File is image\/jpeg --><\/p>\n<div><a href=\"http:\/\/heimkehr-hamburg.de\/blog\/wp-photos\/20161016-212528-2.jpg\"><img decoding=\"async\" src=\"http:\/\/heimkehr-hamburg.de\/blog\/wp-photos\/thumb.20161016-212528-2.jpg\" alt=\"P1000604.JPG\" \/><\/a><\/div>\n","protected":false},"excerpt":{"rendered":"<p>Heln\u00c3\u00a6s und F\u00c3\u00a6n\u00c3\u00b8 Kalv. Wir sind inzwischen in Faaborg und gucken mal, wenn s hell wird. Sea u Bert<\/p>\n","protected":false},"author":1,"featured_media":0,"comment_status":"closed","ping_status":"open","sticky":false,"template":"","format":"standard","meta":{"footnotes":""},"categories":[],"tags":[],"class_list":["post-4317","post","type-post","status-publish","format-standard","hentry"],"_links":{"self":[{"href":"http:\/\/www.heimkehr-hamburg.de\/log\/index.php?rest_route=\/wp\/v2\/posts\/4317","targetHints":{"allow":["GET"]}}],"collection":[{"href":"http:\/\/www.heimkehr-hamburg.de\/log\/index.php?rest_route=\/wp\/v2\/posts"}],"about":[{"href":"http:\/\/www.heimkehr-hamburg.de\/log\/index.php?rest_route=\/wp\/v2\/types\/post"}],"author":[{"embeddable":true,"href":"http:\/\/www.heimkehr-hamburg.de\/log\/index.php?rest_route=\/wp\/v2\/users\/1"}],"replies":[{"embeddable":true,"href":"http:\/\/www.heimkehr-hamburg.de\/log\/index.php?rest_route=%2Fwp%2Fv2%2Fcomments&post=4317"}],"version-history":[{"count":0,"href":"http:\/\/www.heimkehr-hamburg.de\/log\/index.php?rest_route=\/wp\/v2\/posts\/4317\/revisions"}],"wp:attachment":[{"href":"http:\/\/www.heimkehr-hamburg.de\/log\/index.php?rest_route=%2Fwp%2Fv2%2Fmedia&parent=4317"}],"wp:term":[{"taxonomy":"category","embeddable":true,"href":"http:\/\/www.heimkehr-hamburg.de\/log\/index.php?rest_route=%2Fwp%2Fv2%2Fcategories&post=4317"},{"taxonomy":"post_tag","embeddable":true,"href":"http:\/\/www.heimkehr-hamburg.de\/log\/index.php?rest_route=%2Fwp%2Fv2%2Ftags&post=4317"}],"curies":[{"name":"wp","href":"https:\/\/api.w.org\/{rel}","templated":true}]}}