{"id":4299,"date":"2016-08-25T21:40:37","date_gmt":"2016-08-25T20:40:37","guid":{"rendered":"http:\/\/heimkehr-hamburg.de\/blog\/index.php\/2016\/08\/25\/der-naechste-schritt\/"},"modified":"2016-08-25T21:40:37","modified_gmt":"2016-08-25T20:40:37","slug":"der-naechste-schritt","status":"publish","type":"post","link":"http:\/\/www.heimkehr-hamburg.de\/log\/?p=4299","title":{"rendered":"Der n\u00e4chste Schritt"},"content":{"rendered":"<p>Freitag, wieder sehr fr\u00fch von Sejer\u00f6 nach \u00c3\u2020bel\u00c3\u00b8, 35 Meilen. Sehr fr\u00fch, weil der Wind fr\u00fchnachmittags drehen soll. Dann kommt der letzte H\u00fcpf bis nach Kolding.<\/p>\n<p> <!--Mime Type of File is image\/jpeg --><\/p>\n<div><a href=\"http:\/\/heimkehr-hamburg.de\/blog\/wp-photos\/20160825-224037-1.jpg\"><img decoding=\"async\" src=\"http:\/\/heimkehr-hamburg.de\/blog\/wp-photos\/thumb.20160825-224037-1.jpg\" alt=\"FullSizeRender.jpg\" \/><\/a><\/div>\n","protected":false},"excerpt":{"rendered":"<p>Freitag, wieder sehr fr\u00fch von Sejer\u00f6 nach \u00c3\u2020bel\u00c3\u00b8, 35 Meilen. Sehr fr\u00fch, weil der Wind fr\u00fchnachmittags drehen soll. Dann kommt der letzte H\u00fcpf bis nach Kolding.<\/p>\n","protected":false},"author":1,"featured_media":0,"comment_status":"closed","ping_status":"open","sticky":false,"template":"","format":"standard","meta":{"footnotes":""},"categories":[],"tags":[],"class_list":["post-4299","post","type-post","status-publish","format-standard","hentry"],"_links":{"self":[{"href":"http:\/\/www.heimkehr-hamburg.de\/log\/index.php?rest_route=\/wp\/v2\/posts\/4299","targetHints":{"allow":["GET"]}}],"collection":[{"href":"http:\/\/www.heimkehr-hamburg.de\/log\/index.php?rest_route=\/wp\/v2\/posts"}],"about":[{"href":"http:\/\/www.heimkehr-hamburg.de\/log\/index.php?rest_route=\/wp\/v2\/types\/post"}],"author":[{"embeddable":true,"href":"http:\/\/www.heimkehr-hamburg.de\/log\/index.php?rest_route=\/wp\/v2\/users\/1"}],"replies":[{"embeddable":true,"href":"http:\/\/www.heimkehr-hamburg.de\/log\/index.php?rest_route=%2Fwp%2Fv2%2Fcomments&post=4299"}],"version-history":[{"count":0,"href":"http:\/\/www.heimkehr-hamburg.de\/log\/index.php?rest_route=\/wp\/v2\/posts\/4299\/revisions"}],"wp:attachment":[{"href":"http:\/\/www.heimkehr-hamburg.de\/log\/index.php?rest_route=%2Fwp%2Fv2%2Fmedia&parent=4299"}],"wp:term":[{"taxonomy":"category","embeddable":true,"href":"http:\/\/www.heimkehr-hamburg.de\/log\/index.php?rest_route=%2Fwp%2Fv2%2Fcategories&post=4299"},{"taxonomy":"post_tag","embeddable":true,"href":"http:\/\/www.heimkehr-hamburg.de\/log\/index.php?rest_route=%2Fwp%2Fv2%2Ftags&post=4299"}],"curies":[{"name":"wp","href":"https:\/\/api.w.org\/{rel}","templated":true}]}}